{"id":1406,"date":"2012-09-30T19:14:40","date_gmt":"2012-09-30T17:14:40","guid":{"rendered":"http:\/\/zallan.se\/?p=1406"},"modified":"2016-11-09T14:20:33","modified_gmt":"2016-11-09T13:20:33","slug":"skord","status":"publish","type":"post","link":"https:\/\/zallan.se\/?p=1406","title":{"rendered":"Sk\u00f6rd"},"content":{"rendered":"<div class=\"fusion-fullwidth fullwidth-box fusion-builder-row-1 hundred-percent-fullwidth non-hundred-percent-height-scrolling\" style=\"--awb-border-radius-top-left:0px;--awb-border-radius-top-right:0px;--awb-border-radius-bottom-right:0px;--awb-border-radius-bottom-left:0px;--awb-overflow:visible;--awb-flex-wrap:wrap;\" ><div class=\"fusion-builder-row fusion-row\"><div class=\"fusion-layout-column fusion_builder_column fusion-builder-column-0 fusion_builder_column_1_2 1_2 fusion-one-half fusion-column-first\" style=\"--awb-bg-size:cover;width:50%;width:calc(50% - ( ( 4% ) * 0.5 ) );margin-right: 4%;\"><div class=\"fusion-column-wrapper fusion-flex-column-wrapper-legacy\">\n<a href=\"http:\/\/zallan.se\/wp-content\/uploads\/2012\/09\/vitlokpatork.jpg\"><img decoding=\"async\" class=\"alignnone size-full wp-image-1409\" src=\"http:\/\/zallan.se\/wp-content\/uploads\/2012\/09\/vitlokpatork.jpg\" alt=\"vitlokpatork\" width=\"420\" height=\"560\" srcset=\"https:\/\/zallan.se\/wp-content\/uploads\/2012\/09\/vitlokpatork-202x270.jpg 202w, https:\/\/zallan.se\/wp-content\/uploads\/2012\/09\/vitlokpatork.jpg 420w\" sizes=\"(max-width: 420px) 100vw, 420px\" \/><\/a><div class=\"fusion-clearfix\"><\/div><\/div><\/div>\n<div class=\"fusion-layout-column fusion_builder_column fusion-builder-column-1 fusion_builder_column_1_2 1_2 fusion-one-half fusion-column-last\" style=\"--awb-bg-size:cover;width:50%;width:calc(50% - ( ( 4% ) * 0.5 ) );\"><div class=\"fusion-column-wrapper fusion-flex-column-wrapper-legacy\">\n<p>Nu har vi sk\u00f6rdat b\u00e5de gurka och tomater och plockat upp jord\u00e4rtskockorna. Jag brukar jag l\u00e5ta dem st\u00e5 kvar \u00f6ver vintern f\u00f6r att sedan plocka upp under v\u00e5ren, men v\u00e4xelbruk rekommenderas och jord\u00e4rtskockorna beh\u00f6vde en ny plats. Vitl\u00f6ken tog vi upp i b\u00f6rjan av september och h\u00e4ngde p\u00e5 tork.<div class=\"fusion-clearfix\"><\/div><\/div><\/div><\/div><\/div>\n","protected":false},"excerpt":{"rendered":"","protected":false},"author":3,"featured_media":0,"comment_status":"open","ping_status":"open","sticky":false,"template":"","format":"standard","meta":{"footnotes":""},"categories":[3],"tags":[],"class_list":["post-1406","post","type-post","status-publish","format-standard","hentry","category-tradgard"],"_links":{"self":[{"href":"https:\/\/zallan.se\/index.php?rest_route=\/wp\/v2\/posts\/1406","targetHints":{"allow":["GET"]}}],"collection":[{"href":"https:\/\/zallan.se\/index.php?rest_route=\/wp\/v2\/posts"}],"about":[{"href":"https:\/\/zallan.se\/index.php?rest_route=\/wp\/v2\/types\/post"}],"author":[{"embeddable":true,"href":"https:\/\/zallan.se\/index.php?rest_route=\/wp\/v2\/users\/3"}],"replies":[{"embeddable":true,"href":"https:\/\/zallan.se\/index.php?rest_route=%2Fwp%2Fv2%2Fcomments&post=1406"}],"version-history":[{"count":0,"href":"https:\/\/zallan.se\/index.php?rest_route=\/wp\/v2\/posts\/1406\/revisions"}],"wp:attachment":[{"href":"https:\/\/zallan.se\/index.php?rest_route=%2Fwp%2Fv2%2Fmedia&parent=1406"}],"wp:term":[{"taxonomy":"category","embeddable":true,"href":"https:\/\/zallan.se\/index.php?rest_route=%2Fwp%2Fv2%2Fcategories&post=1406"},{"taxonomy":"post_tag","embeddable":true,"href":"https:\/\/zallan.se\/index.php?rest_route=%2Fwp%2Fv2%2Ftags&post=1406"}],"curies":[{"name":"wp","href":"https:\/\/api.w.org\/{rel}","templated":true}]}}